{"id":24093,"date":"2019-03-20T07:16:36","date_gmt":"2019-03-20T07:16:36","guid":{"rendered":"https:\/\/www.tirolergoldschmied.it\/?p=24093"},"modified":"2024-02-28T09:15:03","modified_gmt":"2024-02-28T08:15:03","slug":"taufrische-fruehlings-news","status":"publish","type":"post","link":"https:\/\/www.tirolergoldschmied.it\/de\/taufrische-fruehlings-news\/","title":{"rendered":"Taufrische Fr\u00fchlings-News"},"content":{"rendered":"<h2>Der Tiroler Goldschmied erh\u00e4lt p\u00fcnktlich zu seinem 50. Jubil\u00e4umsjahr eine 5. Filiale in Meran<\/h2>\n<p>Taufrische Fr\u00fchlings-News. Die Renovierung Arbeiten sind bereits seit J\u00e4nner voll im Gange. Der wundersch\u00f6ne historische Jugendstilpavillon des ehemaligen k.u.k. Hof-Juweliers Anton Fr\u00fchauf an der Postbr\u00fccke Ecke Kurpromenade wird einen w\u00fcrdevollen Rahmen f\u00fcr unsere exklusiven Schmuckst\u00fccke bieten.<\/p>\n<p>&#8222;Wir freuen uns sehr demn\u00e4chst eine Filiale in der Stadt Meran zu haben, noch dazu an einem so prominenten, wundersch\u00f6nen und geschichtstr\u00e4chtigen Ort&#8220;, freut sich Gesch\u00e4ftsf\u00fchrer Hannes Gamper, der schon seit vielen Jahren von dieser Filiale an diesem Ort tr\u00e4umte. Hatte er doch bereits 2004 die Ausstellung &#8222;Brillante&#8220; im Meraner Kunsthaus mit kuratiert, wo er unter anderem auch Schmuckst\u00fccke von Anton Fr\u00fchauf ausstellte.<\/p>\n<p>Es wurde nicht nur die Fassade wieder zum Gl\u00e4nzen gebracht, sondern das gesamte Innenleben von Elektronik bis B\u00f6den, Decke und Gl\u00e4ser wurden erneuert. Hannes Gamper betreut den Umbau und es ist ihm ein gro\u00dfes Anliegen neben modernster Technik, dass der Flair und die Geschichte des Hauses weiterhin sp\u00fcrbar bleibt.<\/p>\n<p>Margareth, Christine, Maria und Manuela haben bereits au\u00dfergew\u00f6hnlichen Schmuck f\u00fcr die Filiale eingekauft. Die Arbeiten werden sicher bis Mitte April fertig sein und wir k\u00f6nnen es kaum erwarten die Tore in Meran zu \u00f6ffnen.<\/p>\n<p>Taufrische Fr\u00fchlings-News: Hier ein kurzes Video zu den Arbeiten.<\/p>\n<video controls width=\"640\" height=\"360\" loop autoplay muted playsinline preload=\"metadata\" src=\"https:\/\/www.tirolergoldschmied.it\/wp-content\/uploads\/2019\/03\/55966317_150907102606773_755033712706060401_n.mp4\"><\/video>\n<div class=\"berocket_ww_container\">\r\n    <div class=\"berocket_ww_empty\">\r\n        <p>Die Dreambox ist leer.<\/p>\r\n    <\/div>\r\n<\/div>\r\n<script>\r\njQuery('.berocket_ww_container').each( function( i, o ) {\r\n    if ( jQuery(o).height() + 20 < jQuery(o).find('.berocket_ww_ul_container').height() && jQuery(o).find('.berocket_ww_show_all').length ) {\r\n        jQuery(o).find('.berocket_ww_show_all').show();\r\n    } else if( ! jQuery(o).find('.berocket_ww_show_all').length ) {\r\n        var $scroll_block = jQuery(o).find('.berocket_ww_list');\r\n        $scroll_block.css( {maxHeight: 'initial'} );\r\n    }\r\n});\r\n<\/script>\r\n","protected":false},"excerpt":{"rendered":"<p>Der Tiroler Goldschmied erh\u00e4lt p\u00fcnktlich zu seinem 50. Jubil\u00e4umsjahr eine 5. Filiale in Meran Taufrische Fr\u00fchlings-News. Die Renovierung Arbeiten sind &#8230;<\/p>\n","protected":false},"author":2,"featured_media":24353,"comment_status":"closed","ping_status":"closed","sticky":false,"template":"","format":"standard","meta":{"_acf_changed":false,"footnotes":""},"categories":[12],"tags":[],"class_list":["post-24093","post","type-post","status-publish","format-standard","has-post-thumbnail","hentry","category-events-messen"],"acf":[],"yoast_head":"<!-- This site is optimized with the Yoast SEO plugin v27.4 - https:\/\/yoast.com\/product\/yoast-seo-wordpress\/ -->\n<title>Taufrische Fr\u00fchlings-News - 5. Filiale Tiroler Goldschmied<\/title>\n<meta name=\"description\" content=\"Taufrische Fr\u00fchlings-News. Tiroler Goldschmied erh\u00e4lt p\u00fcnktlich zu seinem 50. Jubil\u00e4umsjahr eine 5. Filiale in Meran. Jugendstilpavillon\" \/>\n<meta name=\"robots\" content=\"index, follow, max-snippet:-1, max-image-preview:large, max-video-preview:-1\" \/>\n<link rel=\"canonical\" href=\"https:\/\/www.tirolergoldschmied.it\/de\/taufrische-fruehlings-news\/\" \/>\n<meta property=\"og:locale\" content=\"de_DE\" \/>\n<meta property=\"og:type\" content=\"article\" \/>\n<meta property=\"og:title\" content=\"Taufrische Fr\u00fchlings-News - 5. Filiale Tiroler Goldschmied\" \/>\n<meta property=\"og:description\" content=\"Taufrische Fr\u00fchlings-News. Tiroler Goldschmied erh\u00e4lt p\u00fcnktlich zu seinem 50. Jubil\u00e4umsjahr eine 5. Filiale in Meran. Jugendstilpavillon\" \/>\n<meta property=\"og:url\" content=\"https:\/\/www.tirolergoldschmied.it\/de\/taufrische-fruehlings-news\/\" \/>\n<meta property=\"og:site_name\" content=\"Tiroler Goldschmied\" \/>\n<meta property=\"article:published_time\" content=\"2019-03-20T07:16:36+00:00\" \/>\n<meta property=\"article:modified_time\" content=\"2024-02-28T08:15:03+00:00\" \/>\n<meta property=\"og:image\" content=\"https:\/\/static.tirolergoldschmied.it\/39543ca551be492a\/2019\/03\/24353\/c\/fit-in\/0x0\/filters:no_upscale()\/filters:strip_exif()\/https:\/\/static.tirolergoldschmied.it\/39543ca551be492a\/2019\/03\/24353\/c\/fit-in\/768x1024\/filters:no_upscale()\/filters:strip_exif()\/img_0164.jpg\" \/>\n\t<meta property=\"og:image:width\" content=\"768\" \/>\n\t<meta property=\"og:image:height\" content=\"1024\" \/>\n\t<meta property=\"og:image:type\" content=\"image\/jpeg\" \/>\n<meta name=\"author\" content=\"tirolergoldschmied\" \/>\n<meta name=\"twitter:card\" content=\"summary_large_image\" \/>\n<meta name=\"twitter:label1\" content=\"Verfasst von\" \/>\n\t<meta name=\"twitter:data1\" content=\"tirolergoldschmied\" \/>\n\t<meta name=\"twitter:label2\" content=\"Gesch\u00e4tzte Lesezeit\" \/>\n\t<meta name=\"twitter:data2\" content=\"2\u00a0Minuten\" \/>\n<script type=\"application\/ld+json\" class=\"yoast-schema-graph\">{\"@context\":\"https:\\\/\\\/schema.org\",\"@graph\":[{\"@type\":\"Article\",\"@id\":\"https:\\\/\\\/www.tirolergoldschmied.it\\\/de\\\/taufrische-fruehlings-news\\\/#article\",\"isPartOf\":{\"@id\":\"https:\\\/\\\/www.tirolergoldschmied.it\\\/de\\\/taufrische-fruehlings-news\\\/\"},\"author\":{\"name\":\"tirolergoldschmied\",\"@id\":\"https:\\\/\\\/www.tirolergoldschmied.it\\\/de\\\/#\\\/schema\\\/person\\\/db070246d74fc052e41652bce32e24ad\"},\"headline\":\"Taufrische Fr\u00fchlings-News\",\"datePublished\":\"2019-03-20T07:16:36+00:00\",\"dateModified\":\"2024-02-28T08:15:03+00:00\",\"mainEntityOfPage\":{\"@id\":\"https:\\\/\\\/www.tirolergoldschmied.it\\\/de\\\/taufrische-fruehlings-news\\\/\"},\"wordCount\":253,\"image\":{\"@id\":\"https:\\\/\\\/www.tirolergoldschmied.it\\\/de\\\/taufrische-fruehlings-news\\\/#primaryimage\"},\"thumbnailUrl\":\"https:\\\/\\\/static.tirolergoldschmied.it\\\/39543ca551be492a\\\/2019\\\/03\\\/24353\\\/c\\\/fit-in\\\/0x0\\\/filters:no_upscale()\\\/filters:strip_exif()\\\/img_0164.jpg\",\"articleSection\":[\"Events\\\/Messen\"],\"inLanguage\":\"de\"},{\"@type\":\"WebPage\",\"@id\":\"https:\\\/\\\/www.tirolergoldschmied.it\\\/de\\\/taufrische-fruehlings-news\\\/\",\"url\":\"https:\\\/\\\/www.tirolergoldschmied.it\\\/de\\\/taufrische-fruehlings-news\\\/\",\"name\":\"Taufrische Fr\u00fchlings-News - 5. Filiale Tiroler Goldschmied\",\"isPartOf\":{\"@id\":\"https:\\\/\\\/www.tirolergoldschmied.it\\\/de\\\/#website\"},\"primaryImageOfPage\":{\"@id\":\"https:\\\/\\\/www.tirolergoldschmied.it\\\/de\\\/taufrische-fruehlings-news\\\/#primaryimage\"},\"image\":{\"@id\":\"https:\\\/\\\/www.tirolergoldschmied.it\\\/de\\\/taufrische-fruehlings-news\\\/#primaryimage\"},\"thumbnailUrl\":\"https:\\\/\\\/static.tirolergoldschmied.it\\\/39543ca551be492a\\\/2019\\\/03\\\/24353\\\/c\\\/fit-in\\\/0x0\\\/filters:no_upscale()\\\/filters:strip_exif()\\\/img_0164.jpg\",\"datePublished\":\"2019-03-20T07:16:36+00:00\",\"dateModified\":\"2024-02-28T08:15:03+00:00\",\"author\":{\"@id\":\"https:\\\/\\\/www.tirolergoldschmied.it\\\/de\\\/#\\\/schema\\\/person\\\/db070246d74fc052e41652bce32e24ad\"},\"description\":\"Taufrische Fr\u00fchlings-News. Tiroler Goldschmied erh\u00e4lt p\u00fcnktlich zu seinem 50. Jubil\u00e4umsjahr eine 5. Filiale in Meran. Jugendstilpavillon\",\"breadcrumb\":{\"@id\":\"https:\\\/\\\/www.tirolergoldschmied.it\\\/de\\\/taufrische-fruehlings-news\\\/#breadcrumb\"},\"inLanguage\":\"de\",\"potentialAction\":[{\"@type\":\"ReadAction\",\"target\":[\"https:\\\/\\\/www.tirolergoldschmied.it\\\/de\\\/taufrische-fruehlings-news\\\/\"]}]},{\"@type\":\"ImageObject\",\"inLanguage\":\"de\",\"@id\":\"https:\\\/\\\/www.tirolergoldschmied.it\\\/de\\\/taufrische-fruehlings-news\\\/#primaryimage\",\"url\":\"https:\\\/\\\/static.tirolergoldschmied.it\\\/39543ca551be492a\\\/2019\\\/03\\\/24353\\\/c\\\/fit-in\\\/0x0\\\/filters:no_upscale()\\\/filters:strip_exif()\\\/img_0164.jpg\",\"contentUrl\":\"https:\\\/\\\/static.tirolergoldschmied.it\\\/39543ca551be492a\\\/2019\\\/03\\\/24353\\\/c\\\/fit-in\\\/0x0\\\/filters:no_upscale()\\\/filters:strip_exif()\\\/img_0164.jpg\",\"width\":3024,\"height\":4032,\"caption\":\"Taufrische Fr\u00fchlings-News\"},{\"@type\":\"BreadcrumbList\",\"@id\":\"https:\\\/\\\/www.tirolergoldschmied.it\\\/de\\\/taufrische-fruehlings-news\\\/#breadcrumb\",\"itemListElement\":[{\"@type\":\"ListItem\",\"position\":1,\"name\":\"Startseite\",\"item\":\"https:\\\/\\\/www.tirolergoldschmied.it\\\/de\\\/\"},{\"@type\":\"ListItem\",\"position\":2,\"name\":\"Taufrische Fr\u00fchlings-News\"}]},{\"@type\":\"WebSite\",\"@id\":\"https:\\\/\\\/www.tirolergoldschmied.it\\\/de\\\/#website\",\"url\":\"https:\\\/\\\/www.tirolergoldschmied.it\\\/de\\\/\",\"name\":\"Tiroler Goldschmied\",\"description\":\"\",\"potentialAction\":[{\"@type\":\"SearchAction\",\"target\":{\"@type\":\"EntryPoint\",\"urlTemplate\":\"https:\\\/\\\/www.tirolergoldschmied.it\\\/de\\\/?s={search_term_string}\"},\"query-input\":{\"@type\":\"PropertyValueSpecification\",\"valueRequired\":true,\"valueName\":\"search_term_string\"}}],\"inLanguage\":\"de\"},{\"@type\":\"Person\",\"@id\":\"https:\\\/\\\/www.tirolergoldschmied.it\\\/de\\\/#\\\/schema\\\/person\\\/db070246d74fc052e41652bce32e24ad\",\"name\":\"tirolergoldschmied\",\"image\":{\"@type\":\"ImageObject\",\"inLanguage\":\"de\",\"@id\":\"https:\\\/\\\/secure.gravatar.com\\\/avatar\\\/e2f5ce3686abe612a292a21c0bf8876334d7a63ea55a88de66c18497c1c0d75b?s=96&d=blank&r=g\",\"url\":\"https:\\\/\\\/secure.gravatar.com\\\/avatar\\\/e2f5ce3686abe612a292a21c0bf8876334d7a63ea55a88de66c18497c1c0d75b?s=96&d=blank&r=g\",\"contentUrl\":\"https:\\\/\\\/secure.gravatar.com\\\/avatar\\\/e2f5ce3686abe612a292a21c0bf8876334d7a63ea55a88de66c18497c1c0d75b?s=96&d=blank&r=g\",\"caption\":\"tirolergoldschmied\"},\"url\":\"https:\\\/\\\/www.tirolergoldschmied.it\"}]}<\/script>\n<!-- \/ Yoast SEO plugin. -->","yoast_head_json":{"title":"Taufrische Fr\u00fchlings-News - 5. Filiale Tiroler Goldschmied","description":"Taufrische Fr\u00fchlings-News. Tiroler Goldschmied erh\u00e4lt p\u00fcnktlich zu seinem 50. Jubil\u00e4umsjahr eine 5. Filiale in Meran. Jugendstilpavillon","robots":{"index":"index","follow":"follow","max-snippet":"max-snippet:-1","max-image-preview":"max-image-preview:large","max-video-preview":"max-video-preview:-1"},"canonical":"https:\/\/www.tirolergoldschmied.it\/de\/taufrische-fruehlings-news\/","og_locale":"de_DE","og_type":"article","og_title":"Taufrische Fr\u00fchlings-News - 5. Filiale Tiroler Goldschmied","og_description":"Taufrische Fr\u00fchlings-News. Tiroler Goldschmied erh\u00e4lt p\u00fcnktlich zu seinem 50. Jubil\u00e4umsjahr eine 5. Filiale in Meran. Jugendstilpavillon","og_url":"https:\/\/www.tirolergoldschmied.it\/de\/taufrische-fruehlings-news\/","og_site_name":"Tiroler Goldschmied","article_published_time":"2019-03-20T07:16:36+00:00","article_modified_time":"2024-02-28T08:15:03+00:00","og_image":[{"width":768,"height":1024,"url":"https:\/\/static.tirolergoldschmied.it\/39543ca551be492a\/2019\/03\/24353\/c\/fit-in\/0x0\/filters:no_upscale()\/filters:strip_exif()\/https:\/\/static.tirolergoldschmied.it\/39543ca551be492a\/2019\/03\/24353\/c\/fit-in\/768x1024\/filters:no_upscale()\/filters:strip_exif()\/img_0164.jpg","type":"image\/jpeg"}],"author":"tirolergoldschmied","twitter_card":"summary_large_image","twitter_misc":{"Verfasst von":"tirolergoldschmied","Gesch\u00e4tzte Lesezeit":"2\u00a0Minuten"},"schema":{"@context":"https:\/\/schema.org","@graph":[{"@type":"Article","@id":"https:\/\/www.tirolergoldschmied.it\/de\/taufrische-fruehlings-news\/#article","isPartOf":{"@id":"https:\/\/www.tirolergoldschmied.it\/de\/taufrische-fruehlings-news\/"},"author":{"name":"tirolergoldschmied","@id":"https:\/\/www.tirolergoldschmied.it\/de\/#\/schema\/person\/db070246d74fc052e41652bce32e24ad"},"headline":"Taufrische Fr\u00fchlings-News","datePublished":"2019-03-20T07:16:36+00:00","dateModified":"2024-02-28T08:15:03+00:00","mainEntityOfPage":{"@id":"https:\/\/www.tirolergoldschmied.it\/de\/taufrische-fruehlings-news\/"},"wordCount":253,"image":{"@id":"https:\/\/www.tirolergoldschmied.it\/de\/taufrische-fruehlings-news\/#primaryimage"},"thumbnailUrl":"https:\/\/static.tirolergoldschmied.it\/39543ca551be492a\/2019\/03\/24353\/c\/fit-in\/0x0\/filters:no_upscale()\/filters:strip_exif()\/img_0164.jpg","articleSection":["Events\/Messen"],"inLanguage":"de"},{"@type":"WebPage","@id":"https:\/\/www.tirolergoldschmied.it\/de\/taufrische-fruehlings-news\/","url":"https:\/\/www.tirolergoldschmied.it\/de\/taufrische-fruehlings-news\/","name":"Taufrische Fr\u00fchlings-News - 5. Filiale Tiroler Goldschmied","isPartOf":{"@id":"https:\/\/www.tirolergoldschmied.it\/de\/#website"},"primaryImageOfPage":{"@id":"https:\/\/www.tirolergoldschmied.it\/de\/taufrische-fruehlings-news\/#primaryimage"},"image":{"@id":"https:\/\/www.tirolergoldschmied.it\/de\/taufrische-fruehlings-news\/#primaryimage"},"thumbnailUrl":"https:\/\/static.tirolergoldschmied.it\/39543ca551be492a\/2019\/03\/24353\/c\/fit-in\/0x0\/filters:no_upscale()\/filters:strip_exif()\/img_0164.jpg","datePublished":"2019-03-20T07:16:36+00:00","dateModified":"2024-02-28T08:15:03+00:00","author":{"@id":"https:\/\/www.tirolergoldschmied.it\/de\/#\/schema\/person\/db070246d74fc052e41652bce32e24ad"},"description":"Taufrische Fr\u00fchlings-News. Tiroler Goldschmied erh\u00e4lt p\u00fcnktlich zu seinem 50. Jubil\u00e4umsjahr eine 5. Filiale in Meran. Jugendstilpavillon","breadcrumb":{"@id":"https:\/\/www.tirolergoldschmied.it\/de\/taufrische-fruehlings-news\/#breadcrumb"},"inLanguage":"de","potentialAction":[{"@type":"ReadAction","target":["https:\/\/www.tirolergoldschmied.it\/de\/taufrische-fruehlings-news\/"]}]},{"@type":"ImageObject","inLanguage":"de","@id":"https:\/\/www.tirolergoldschmied.it\/de\/taufrische-fruehlings-news\/#primaryimage","url":"https:\/\/static.tirolergoldschmied.it\/39543ca551be492a\/2019\/03\/24353\/c\/fit-in\/0x0\/filters:no_upscale()\/filters:strip_exif()\/img_0164.jpg","contentUrl":"https:\/\/static.tirolergoldschmied.it\/39543ca551be492a\/2019\/03\/24353\/c\/fit-in\/0x0\/filters:no_upscale()\/filters:strip_exif()\/img_0164.jpg","width":3024,"height":4032,"caption":"Taufrische Fr\u00fchlings-News"},{"@type":"BreadcrumbList","@id":"https:\/\/www.tirolergoldschmied.it\/de\/taufrische-fruehlings-news\/#breadcrumb","itemListElement":[{"@type":"ListItem","position":1,"name":"Startseite","item":"https:\/\/www.tirolergoldschmied.it\/de\/"},{"@type":"ListItem","position":2,"name":"Taufrische Fr\u00fchlings-News"}]},{"@type":"WebSite","@id":"https:\/\/www.tirolergoldschmied.it\/de\/#website","url":"https:\/\/www.tirolergoldschmied.it\/de\/","name":"Tiroler Goldschmied","description":"","potentialAction":[{"@type":"SearchAction","target":{"@type":"EntryPoint","urlTemplate":"https:\/\/www.tirolergoldschmied.it\/de\/?s={search_term_string}"},"query-input":{"@type":"PropertyValueSpecification","valueRequired":true,"valueName":"search_term_string"}}],"inLanguage":"de"},{"@type":"Person","@id":"https:\/\/www.tirolergoldschmied.it\/de\/#\/schema\/person\/db070246d74fc052e41652bce32e24ad","name":"tirolergoldschmied","image":{"@type":"ImageObject","inLanguage":"de","@id":"https:\/\/secure.gravatar.com\/avatar\/e2f5ce3686abe612a292a21c0bf8876334d7a63ea55a88de66c18497c1c0d75b?s=96&d=blank&r=g","url":"https:\/\/secure.gravatar.com\/avatar\/e2f5ce3686abe612a292a21c0bf8876334d7a63ea55a88de66c18497c1c0d75b?s=96&d=blank&r=g","contentUrl":"https:\/\/secure.gravatar.com\/avatar\/e2f5ce3686abe612a292a21c0bf8876334d7a63ea55a88de66c18497c1c0d75b?s=96&d=blank&r=g","caption":"tirolergoldschmied"},"url":"https:\/\/www.tirolergoldschmied.it"}]}},"_links":{"self":[{"href":"https:\/\/www.tirolergoldschmied.it\/de\/wp-json\/wp\/v2\/posts\/24093","targetHints":{"allow":["GET"]}}],"collection":[{"href":"https:\/\/www.tirolergoldschmied.it\/de\/wp-json\/wp\/v2\/posts"}],"about":[{"href":"https:\/\/www.tirolergoldschmied.it\/de\/wp-json\/wp\/v2\/types\/post"}],"author":[{"embeddable":true,"href":"https:\/\/www.tirolergoldschmied.it\/de\/wp-json\/wp\/v2\/users\/2"}],"replies":[{"embeddable":true,"href":"https:\/\/www.tirolergoldschmied.it\/de\/wp-json\/wp\/v2\/comments?post=24093"}],"version-history":[{"count":27,"href":"https:\/\/www.tirolergoldschmied.it\/de\/wp-json\/wp\/v2\/posts\/24093\/revisions"}],"predecessor-version":[{"id":107095,"href":"https:\/\/www.tirolergoldschmied.it\/de\/wp-json\/wp\/v2\/posts\/24093\/revisions\/107095"}],"wp:featuredmedia":[{"embeddable":true,"href":"https:\/\/www.tirolergoldschmied.it\/de\/wp-json\/wp\/v2\/media\/24353"}],"wp:attachment":[{"href":"https:\/\/www.tirolergoldschmied.it\/de\/wp-json\/wp\/v2\/media?parent=24093"}],"wp:term":[{"taxonomy":"category","embeddable":true,"href":"https:\/\/www.tirolergoldschmied.it\/de\/wp-json\/wp\/v2\/categories?post=24093"},{"taxonomy":"post_tag","embeddable":true,"href":"https:\/\/www.tirolergoldschmied.it\/de\/wp-json\/wp\/v2\/tags?post=24093"}],"curies":[{"name":"wp","href":"https:\/\/api.w.org\/{rel}","templated":true}]}}