{"id":110837,"date":"2024-04-18T10:44:17","date_gmt":"2024-04-18T08:44:17","guid":{"rendered":"https:\/\/www.tirolergoldschmied.it\/?p=110837"},"modified":"2024-04-18T10:53:15","modified_gmt":"2024-04-18T08:53:15","slug":"lisa-kaufmann","status":"publish","type":"post","link":"https:\/\/www.tirolergoldschmied.it\/it\/lisa-kaufmann\/","title":{"rendered":"Lisa Kaufmann, il nostro membro pi\u00f9 giovane del team"},"content":{"rendered":"<h2 class=\"fs-big\"><strong>Ogni mese presentiamo uno dei membri del team di Tiroler Goldschmied.<br \/>\n<\/strong><\/h2>\n<p class=\"fs-big\">Lisa Kaufmann \u00e8 la pi\u00f9 giovane componente del team di Tiroler Goldschmied. Dal 2023, \u00e8 parte fissa del team di vendita presso la sede principale a Dorf Tirol. Con la sua passione per i gioielli e la sua conoscenza approfondita delle pietre preziose e dei materiali, entusiasma i nostri clienti ogni giorno. Oltre alla sua natura amichevole e tranquilla e al suo sorriso contagioso, Lisa si distingue per il suo approccio professionale.<\/p>\n<p class=\"fs-big\">Riesce a cogliere le esigenze individuali dei clienti e a offrire consulenza personalizzata. Con un occhio per i dettagli e un senso per le tendenze, \u00e8 sempre aggiornata e pu\u00f2 consigliare a ogni cliente il gioiello perfetto.<\/p>\n<p class=\"fs-big\">Non solo sul lavoro, ma anche nella vita privata, Lisa si distingue per la sua disponibilit\u00e0 e precisione. Questo la rende una giocatrice di squadra assoluta, apprezzata da tutti.<\/p>\n<p class=\"fs-big\"><strong>Quali sono i tuoi tratti distintivi?<br \/>\n<\/strong>I miei amici direbbero: il mio sorriso \ud83d\ude42<\/p>\n<p class=\"fs-big\"><strong>Cosa ami particolarmente del tuo lavoro?<br \/>\n<\/strong>Nel mio lavoro ho il privilegio di rendere felici le persone pi\u00f9 diverse ogni giorno con i nostri bellissimi gioielli. Posso essere parte e fonte di tanti momenti felici &#8211; cosa c&#8217;\u00e8 di pi\u00f9 bello.<\/p>\n<p class=\"fs-big\"><strong>Il tuo gioiello preferito \u00e8\u2026<br \/>\n<\/strong>I gioielli della collezione LA PREZIOSA Allegretto.<\/p>\n<div class=\"products-list api\"><div class=\"woocommerce columns-4 \"><ul class=\"products columns-4\">\n<li class=\"product type-product post-63460 status-publish first instock product_cat-gioielli-con-diamanti product_cat-gioielli-in-oro product_cat-gioielli-per-il-matrimonio product_cat-gioielli-per-la-sposa has-post-thumbnail taxable shipping-taxable purchasable product-type-variable\">\n\t<a href=\"https:\/\/www.tirolergoldschmied.it\/it\/shop\/la-preziosa\/la-preziosa-allegretto-anelli-143-ri1-w-02-b\/\" class=\"woocommerce-LoopProduct-link woocommerce-loop-product__link\"><div class=\"woocommerce-loop-product__brand-image-container\"><img decoding=\"async\" src=\"https:\/\/static.tirolergoldschmied.it\/39543ca551be492a\/2023\/05\/la_preziosa.svg\" class=\"woocommerce-loop-product__brand-image\" alt=\"\" data-copyright=\"\" data-headline=\"la_preziosa\" data-description=\"\" \/><\/div><picture><source type=\"image\/webp\" srcset=\"https:\/\/static.tirolergoldschmied.it\/39543ca551be492a\/2023\/05\/63486\/c\/filters:format(webp)\/250x250\/filters:no_upscale()\/filters:strip_exif()\/143-ri1_-w-02-b.jpg 250w, https:\/\/static.tirolergoldschmied.it\/39543ca551be492a\/2023\/05\/63486\/c\/filters:format(webp)\/500x500\/filters:no_upscale()\/filters:strip_exif()\/143-ri1_-w-02-b.jpg 500w, https:\/\/static.tirolergoldschmied.it\/39543ca551be492a\/2023\/05\/63486\/c\/filters:format(webp)\/430x430\/filters:no_upscale()\/filters:strip_exif()\/143-ri1_-w-02-b.jpg 430w, https:\/\/static.tirolergoldschmied.it\/39543ca551be492a\/2023\/05\/63486\/c\/filters:format(webp)\/50x50\/filters:no_upscale()\/filters:strip_exif()\/143-ri1_-w-02-b.jpg 50w, https:\/\/static.tirolergoldschmied.it\/39543ca551be492a\/2023\/05\/63486\/c\/filters:format(webp)\/100x100\/filters:no_upscale()\/filters:strip_exif()\/143-ri1_-w-02-b.jpg 100w, https:\/\/static.tirolergoldschmied.it\/39543ca551be492a\/2023\/05\/63486\/c\/filters:format(webp)\/645x645\/filters:no_upscale()\/filters:strip_exif()\/143-ri1_-w-02-b.jpg 645w\"><source srcset=\"https:\/\/static.tirolergoldschmied.it\/39543ca551be492a\/2023\/05\/63486\/c\/250x250\/filters:no_upscale()\/filters:strip_exif()\/143-ri1_-w-02-b.jpg 250w, https:\/\/static.tirolergoldschmied.it\/39543ca551be492a\/2023\/05\/63486\/c\/500x500\/filters:no_upscale()\/filters:strip_exif()\/143-ri1_-w-02-b.jpg 500w, https:\/\/static.tirolergoldschmied.it\/39543ca551be492a\/2023\/05\/63486\/c\/430x430\/filters:no_upscale()\/filters:strip_exif()\/143-ri1_-w-02-b.jpg 430w, https:\/\/static.tirolergoldschmied.it\/39543ca551be492a\/2023\/05\/63486\/c\/50x50\/filters:no_upscale()\/filters:strip_exif()\/143-ri1_-w-02-b.jpg 50w, https:\/\/static.tirolergoldschmied.it\/39543ca551be492a\/2023\/05\/63486\/c\/100x100\/filters:no_upscale()\/filters:strip_exif()\/143-ri1_-w-02-b.jpg 100w, https:\/\/static.tirolergoldschmied.it\/39543ca551be492a\/2023\/05\/63486\/c\/645x645\/filters:no_upscale()\/filters:strip_exif()\/143-ri1_-w-02-b.jpg 645w\"><img loading=\"lazy\" decoding=\"async\" width=\"645\" height=\"645\" src=\"https:\/\/static.tirolergoldschmied.it\/39543ca551be492a\/2023\/05\/63486\/c\/645x645\/filters:no_upscale()\/filters:strip_exif()\/143-ri1_-w-02-b.jpg\" class=\"attachment-wf_square size-wf_square\" alt=\"Anello Allegretto\" srcset=\"https:\/\/static.tirolergoldschmied.it\/39543ca551be492a\/2023\/05\/63486\/c\/250x250\/filters:no_upscale()\/filters:strip_exif()\/143-ri1_-w-02-b.jpg 250w, https:\/\/static.tirolergoldschmied.it\/39543ca551be492a\/2023\/05\/63486\/c\/500x500\/filters:no_upscale()\/filters:strip_exif()\/143-ri1_-w-02-b.jpg 500w, https:\/\/static.tirolergoldschmied.it\/39543ca551be492a\/2023\/05\/63486\/c\/430x430\/filters:no_upscale()\/filters:strip_exif()\/143-ri1_-w-02-b.jpg 430w, https:\/\/static.tirolergoldschmied.it\/39543ca551be492a\/2023\/05\/63486\/c\/50x50\/filters:no_upscale()\/filters:strip_exif()\/143-ri1_-w-02-b.jpg 50w, https:\/\/static.tirolergoldschmied.it\/39543ca551be492a\/2023\/05\/63486\/c\/100x100\/filters:no_upscale()\/filters:strip_exif()\/143-ri1_-w-02-b.jpg 100w, https:\/\/static.tirolergoldschmied.it\/39543ca551be492a\/2023\/05\/63486\/c\/645x645\/filters:no_upscale()\/filters:strip_exif()\/143-ri1_-w-02-b.jpg 645w\" sizes=\"auto, (max-width: 645px) 100vw, 645px\" data-copyright=\"\" data-headline=\"Anello Allegretto\" data-description=\"\" \/><\/picture><h2 class=\"woocommerce-loop-product__title\">Anello Allegretto<\/h2>    <div class=\"woocommerce-loop-product__description\">\n        750 \/ 18 kt oro bianco lucido, Diamanti 0,20ct D\/VVS1 taglio brillante    <\/div>\n\n\t<span class=\"price\"><span class=\"woocommerce-Price-amount amount\"><bdi>3.535,00&nbsp;<span class=\"woocommerce-Price-currencySymbol\">&euro;<\/span><\/bdi><\/span><\/span>\n<\/a><\/li>\n<li class=\"product type-product post-63503 status-publish instock product_cat-gioielli-con-diamanti product_cat-gioielli-in-oro product_cat-gioielli-per-la-sposa has-post-thumbnail taxable shipping-taxable purchasable product-type-variable\">\n\t<a href=\"https:\/\/www.tirolergoldschmied.it\/it\/shop\/la-preziosa\/la-preziosa-allegretto-anelli-143-ri2-gw-02-b\/\" class=\"woocommerce-LoopProduct-link woocommerce-loop-product__link\"><div class=\"woocommerce-loop-product__brand-image-container\"><img decoding=\"async\" src=\"https:\/\/static.tirolergoldschmied.it\/39543ca551be492a\/2023\/05\/la_preziosa.svg\" class=\"woocommerce-loop-product__brand-image\" alt=\"\" data-copyright=\"\" data-headline=\"la_preziosa\" data-description=\"\" \/><\/div><picture><source type=\"image\/webp\" srcset=\"https:\/\/static.tirolergoldschmied.it\/39543ca551be492a\/2023\/05\/63507\/c\/filters:format(webp)\/250x250\/filters:no_upscale()\/filters:strip_exif()\/143-ri2_-gw_-02-b.jpg 250w, https:\/\/static.tirolergoldschmied.it\/39543ca551be492a\/2023\/05\/63507\/c\/filters:format(webp)\/500x500\/filters:no_upscale()\/filters:strip_exif()\/143-ri2_-gw_-02-b.jpg 500w, https:\/\/static.tirolergoldschmied.it\/39543ca551be492a\/2023\/05\/63507\/c\/filters:format(webp)\/430x430\/filters:no_upscale()\/filters:strip_exif()\/143-ri2_-gw_-02-b.jpg 430w, https:\/\/static.tirolergoldschmied.it\/39543ca551be492a\/2023\/05\/63507\/c\/filters:format(webp)\/50x50\/filters:no_upscale()\/filters:strip_exif()\/143-ri2_-gw_-02-b.jpg 50w, https:\/\/static.tirolergoldschmied.it\/39543ca551be492a\/2023\/05\/63507\/c\/filters:format(webp)\/100x100\/filters:no_upscale()\/filters:strip_exif()\/143-ri2_-gw_-02-b.jpg 100w, https:\/\/static.tirolergoldschmied.it\/39543ca551be492a\/2023\/05\/63507\/c\/filters:format(webp)\/645x645\/filters:no_upscale()\/filters:strip_exif()\/143-ri2_-gw_-02-b.jpg 645w\"><source srcset=\"https:\/\/static.tirolergoldschmied.it\/39543ca551be492a\/2023\/05\/63507\/c\/250x250\/filters:no_upscale()\/filters:strip_exif()\/143-ri2_-gw_-02-b.jpg 250w, https:\/\/static.tirolergoldschmied.it\/39543ca551be492a\/2023\/05\/63507\/c\/500x500\/filters:no_upscale()\/filters:strip_exif()\/143-ri2_-gw_-02-b.jpg 500w, https:\/\/static.tirolergoldschmied.it\/39543ca551be492a\/2023\/05\/63507\/c\/430x430\/filters:no_upscale()\/filters:strip_exif()\/143-ri2_-gw_-02-b.jpg 430w, https:\/\/static.tirolergoldschmied.it\/39543ca551be492a\/2023\/05\/63507\/c\/50x50\/filters:no_upscale()\/filters:strip_exif()\/143-ri2_-gw_-02-b.jpg 50w, https:\/\/static.tirolergoldschmied.it\/39543ca551be492a\/2023\/05\/63507\/c\/100x100\/filters:no_upscale()\/filters:strip_exif()\/143-ri2_-gw_-02-b.jpg 100w, https:\/\/static.tirolergoldschmied.it\/39543ca551be492a\/2023\/05\/63507\/c\/645x645\/filters:no_upscale()\/filters:strip_exif()\/143-ri2_-gw_-02-b.jpg 645w\"><img loading=\"lazy\" decoding=\"async\" width=\"645\" height=\"645\" src=\"https:\/\/static.tirolergoldschmied.it\/39543ca551be492a\/2023\/05\/63507\/c\/645x645\/filters:no_upscale()\/filters:strip_exif()\/143-ri2_-gw_-02-b.jpg\" class=\"attachment-wf_square size-wf_square\" alt=\"Anello Allegretto\" srcset=\"https:\/\/static.tirolergoldschmied.it\/39543ca551be492a\/2023\/05\/63507\/c\/250x250\/filters:no_upscale()\/filters:strip_exif()\/143-ri2_-gw_-02-b.jpg 250w, https:\/\/static.tirolergoldschmied.it\/39543ca551be492a\/2023\/05\/63507\/c\/500x500\/filters:no_upscale()\/filters:strip_exif()\/143-ri2_-gw_-02-b.jpg 500w, https:\/\/static.tirolergoldschmied.it\/39543ca551be492a\/2023\/05\/63507\/c\/430x430\/filters:no_upscale()\/filters:strip_exif()\/143-ri2_-gw_-02-b.jpg 430w, https:\/\/static.tirolergoldschmied.it\/39543ca551be492a\/2023\/05\/63507\/c\/50x50\/filters:no_upscale()\/filters:strip_exif()\/143-ri2_-gw_-02-b.jpg 50w, https:\/\/static.tirolergoldschmied.it\/39543ca551be492a\/2023\/05\/63507\/c\/100x100\/filters:no_upscale()\/filters:strip_exif()\/143-ri2_-gw_-02-b.jpg 100w, https:\/\/static.tirolergoldschmied.it\/39543ca551be492a\/2023\/05\/63507\/c\/645x645\/filters:no_upscale()\/filters:strip_exif()\/143-ri2_-gw_-02-b.jpg 645w\" sizes=\"auto, (max-width: 645px) 100vw, 645px\" data-copyright=\"\" data-headline=\"Anello Allegretto\" data-description=\"\" \/><\/picture><h2 class=\"woocommerce-loop-product__title\">Anello Allegretto<\/h2>    <div class=\"woocommerce-loop-product__description\">\n        750 \/ 18 kt oro giallo, oro bianco lucido, Diamanti 0,23ct D\/VVS1 taglio brillante    <\/div>\n\n\t<span class=\"price\"><span class=\"woocommerce-Price-amount amount\"><bdi>4.130,00&nbsp;<span class=\"woocommerce-Price-currencySymbol\">&euro;<\/span><\/bdi><\/span><\/span>\n<\/a><\/li>\n<li class=\"product type-product post-63193 status-publish instock product_cat-gioielli-con-diamanti product_cat-gioielli-in-oro product_cat-gioielli-per-la-sposa has-post-thumbnail taxable shipping-taxable purchasable product-type-variable\">\n\t<a href=\"https:\/\/www.tirolergoldschmied.it\/it\/shop\/la-preziosa\/la-preziosa-allegretto-gioielli-da-polso-143-ab3-rw-02-b\/\" class=\"woocommerce-LoopProduct-link woocommerce-loop-product__link\"><div class=\"woocommerce-loop-product__brand-image-container\"><img decoding=\"async\" src=\"https:\/\/static.tirolergoldschmied.it\/39543ca551be492a\/2023\/05\/la_preziosa.svg\" class=\"woocommerce-loop-product__brand-image\" alt=\"\" data-copyright=\"\" data-headline=\"la_preziosa\" data-description=\"\" \/><\/div><picture><source type=\"image\/webp\" srcset=\"https:\/\/static.tirolergoldschmied.it\/39543ca551be492a\/2023\/05\/63197\/c\/filters:format(webp)\/250x250\/filters:no_upscale()\/filters:strip_exif()\/143-ab3_-rw_-02-b.jpg 250w, https:\/\/static.tirolergoldschmied.it\/39543ca551be492a\/2023\/05\/63197\/c\/filters:format(webp)\/500x500\/filters:no_upscale()\/filters:strip_exif()\/143-ab3_-rw_-02-b.jpg 500w, https:\/\/static.tirolergoldschmied.it\/39543ca551be492a\/2023\/05\/63197\/c\/filters:format(webp)\/430x430\/filters:no_upscale()\/filters:strip_exif()\/143-ab3_-rw_-02-b.jpg 430w, https:\/\/static.tirolergoldschmied.it\/39543ca551be492a\/2023\/05\/63197\/c\/filters:format(webp)\/50x50\/filters:no_upscale()\/filters:strip_exif()\/143-ab3_-rw_-02-b.jpg 50w, https:\/\/static.tirolergoldschmied.it\/39543ca551be492a\/2023\/05\/63197\/c\/filters:format(webp)\/100x100\/filters:no_upscale()\/filters:strip_exif()\/143-ab3_-rw_-02-b.jpg 100w, https:\/\/static.tirolergoldschmied.it\/39543ca551be492a\/2023\/05\/63197\/c\/filters:format(webp)\/645x645\/filters:no_upscale()\/filters:strip_exif()\/143-ab3_-rw_-02-b.jpg 645w\"><source srcset=\"https:\/\/static.tirolergoldschmied.it\/39543ca551be492a\/2023\/05\/63197\/c\/250x250\/filters:no_upscale()\/filters:strip_exif()\/143-ab3_-rw_-02-b.jpg 250w, https:\/\/static.tirolergoldschmied.it\/39543ca551be492a\/2023\/05\/63197\/c\/500x500\/filters:no_upscale()\/filters:strip_exif()\/143-ab3_-rw_-02-b.jpg 500w, https:\/\/static.tirolergoldschmied.it\/39543ca551be492a\/2023\/05\/63197\/c\/430x430\/filters:no_upscale()\/filters:strip_exif()\/143-ab3_-rw_-02-b.jpg 430w, https:\/\/static.tirolergoldschmied.it\/39543ca551be492a\/2023\/05\/63197\/c\/50x50\/filters:no_upscale()\/filters:strip_exif()\/143-ab3_-rw_-02-b.jpg 50w, https:\/\/static.tirolergoldschmied.it\/39543ca551be492a\/2023\/05\/63197\/c\/100x100\/filters:no_upscale()\/filters:strip_exif()\/143-ab3_-rw_-02-b.jpg 100w, https:\/\/static.tirolergoldschmied.it\/39543ca551be492a\/2023\/05\/63197\/c\/645x645\/filters:no_upscale()\/filters:strip_exif()\/143-ab3_-rw_-02-b.jpg 645w\"><img loading=\"lazy\" decoding=\"async\" width=\"645\" height=\"645\" src=\"https:\/\/static.tirolergoldschmied.it\/39543ca551be492a\/2023\/05\/63197\/c\/645x645\/filters:no_upscale()\/filters:strip_exif()\/143-ab3_-rw_-02-b.jpg\" class=\"attachment-wf_square size-wf_square\" alt=\"Bracciale Allegretto\" srcset=\"https:\/\/static.tirolergoldschmied.it\/39543ca551be492a\/2023\/05\/63197\/c\/250x250\/filters:no_upscale()\/filters:strip_exif()\/143-ab3_-rw_-02-b.jpg 250w, https:\/\/static.tirolergoldschmied.it\/39543ca551be492a\/2023\/05\/63197\/c\/500x500\/filters:no_upscale()\/filters:strip_exif()\/143-ab3_-rw_-02-b.jpg 500w, https:\/\/static.tirolergoldschmied.it\/39543ca551be492a\/2023\/05\/63197\/c\/430x430\/filters:no_upscale()\/filters:strip_exif()\/143-ab3_-rw_-02-b.jpg 430w, https:\/\/static.tirolergoldschmied.it\/39543ca551be492a\/2023\/05\/63197\/c\/50x50\/filters:no_upscale()\/filters:strip_exif()\/143-ab3_-rw_-02-b.jpg 50w, https:\/\/static.tirolergoldschmied.it\/39543ca551be492a\/2023\/05\/63197\/c\/100x100\/filters:no_upscale()\/filters:strip_exif()\/143-ab3_-rw_-02-b.jpg 100w, https:\/\/static.tirolergoldschmied.it\/39543ca551be492a\/2023\/05\/63197\/c\/645x645\/filters:no_upscale()\/filters:strip_exif()\/143-ab3_-rw_-02-b.jpg 645w\" sizes=\"auto, (max-width: 645px) 100vw, 645px\" data-copyright=\"\" data-headline=\"Bracciale Allegretto\" data-description=\"\" \/><\/picture><h2 class=\"woocommerce-loop-product__title\">Bracciale Allegretto<\/h2>    <div class=\"woocommerce-loop-product__description\">\n        750 \/ 18 kt oro rosa, oro bianco lucido, Diamanti 0,23ct D\/VVS1 taglio brillante    <\/div>\n\n\t<span class=\"price\"><span class=\"woocommerce-Price-amount amount\"><bdi>12.540,00&nbsp;<span class=\"woocommerce-Price-currencySymbol\">&euro;<\/span><\/bdi><\/span><\/span>\n<\/a><\/li>\n<li class=\"product type-product post-63271 status-publish last instock product_cat-gioielli-con-diamanti product_cat-gioielli-in-oro product_cat-gioielli-per-abiti-tradizionali-e-dirndl product_cat-gioielli-per-la-sposa has-post-thumbnail taxable shipping-taxable purchasable product-type-simple\">\n\t<a href=\"https:\/\/www.tirolergoldschmied.it\/it\/shop\/la-preziosa\/la-preziosa-allegretto-collane-143-an1-wg-02-b\/\" class=\"woocommerce-LoopProduct-link woocommerce-loop-product__link\"><div class=\"woocommerce-loop-product__brand-image-container\"><img decoding=\"async\" src=\"https:\/\/static.tirolergoldschmied.it\/39543ca551be492a\/2023\/05\/la_preziosa.svg\" class=\"woocommerce-loop-product__brand-image\" alt=\"\" data-copyright=\"\" data-headline=\"la_preziosa\" data-description=\"\" \/><\/div><picture><source type=\"image\/webp\" srcset=\"https:\/\/static.tirolergoldschmied.it\/39543ca551be492a\/2023\/05\/63275\/c\/filters:format(webp)\/250x250\/filters:no_upscale()\/filters:strip_exif()\/143-an1_-wg_-02-b.jpg 250w, https:\/\/static.tirolergoldschmied.it\/39543ca551be492a\/2023\/05\/63275\/c\/filters:format(webp)\/500x500\/filters:no_upscale()\/filters:strip_exif()\/143-an1_-wg_-02-b.jpg 500w, https:\/\/static.tirolergoldschmied.it\/39543ca551be492a\/2023\/05\/63275\/c\/filters:format(webp)\/430x430\/filters:no_upscale()\/filters:strip_exif()\/143-an1_-wg_-02-b.jpg 430w, https:\/\/static.tirolergoldschmied.it\/39543ca551be492a\/2023\/05\/63275\/c\/filters:format(webp)\/50x50\/filters:no_upscale()\/filters:strip_exif()\/143-an1_-wg_-02-b.jpg 50w, https:\/\/static.tirolergoldschmied.it\/39543ca551be492a\/2023\/05\/63275\/c\/filters:format(webp)\/100x100\/filters:no_upscale()\/filters:strip_exif()\/143-an1_-wg_-02-b.jpg 100w, https:\/\/static.tirolergoldschmied.it\/39543ca551be492a\/2023\/05\/63275\/c\/filters:format(webp)\/645x645\/filters:no_upscale()\/filters:strip_exif()\/143-an1_-wg_-02-b.jpg 645w\"><source srcset=\"https:\/\/static.tirolergoldschmied.it\/39543ca551be492a\/2023\/05\/63275\/c\/250x250\/filters:no_upscale()\/filters:strip_exif()\/143-an1_-wg_-02-b.jpg 250w, https:\/\/static.tirolergoldschmied.it\/39543ca551be492a\/2023\/05\/63275\/c\/500x500\/filters:no_upscale()\/filters:strip_exif()\/143-an1_-wg_-02-b.jpg 500w, https:\/\/static.tirolergoldschmied.it\/39543ca551be492a\/2023\/05\/63275\/c\/430x430\/filters:no_upscale()\/filters:strip_exif()\/143-an1_-wg_-02-b.jpg 430w, https:\/\/static.tirolergoldschmied.it\/39543ca551be492a\/2023\/05\/63275\/c\/50x50\/filters:no_upscale()\/filters:strip_exif()\/143-an1_-wg_-02-b.jpg 50w, https:\/\/static.tirolergoldschmied.it\/39543ca551be492a\/2023\/05\/63275\/c\/100x100\/filters:no_upscale()\/filters:strip_exif()\/143-an1_-wg_-02-b.jpg 100w, https:\/\/static.tirolergoldschmied.it\/39543ca551be492a\/2023\/05\/63275\/c\/645x645\/filters:no_upscale()\/filters:strip_exif()\/143-an1_-wg_-02-b.jpg 645w\"><img loading=\"lazy\" decoding=\"async\" width=\"645\" height=\"645\" src=\"https:\/\/static.tirolergoldschmied.it\/39543ca551be492a\/2023\/05\/63275\/c\/645x645\/filters:no_upscale()\/filters:strip_exif()\/143-an1_-wg_-02-b.jpg\" class=\"attachment-wf_square size-wf_square\" alt=\"Pendente Allegretto\" srcset=\"https:\/\/static.tirolergoldschmied.it\/39543ca551be492a\/2023\/05\/63275\/c\/250x250\/filters:no_upscale()\/filters:strip_exif()\/143-an1_-wg_-02-b.jpg 250w, https:\/\/static.tirolergoldschmied.it\/39543ca551be492a\/2023\/05\/63275\/c\/500x500\/filters:no_upscale()\/filters:strip_exif()\/143-an1_-wg_-02-b.jpg 500w, https:\/\/static.tirolergoldschmied.it\/39543ca551be492a\/2023\/05\/63275\/c\/430x430\/filters:no_upscale()\/filters:strip_exif()\/143-an1_-wg_-02-b.jpg 430w, https:\/\/static.tirolergoldschmied.it\/39543ca551be492a\/2023\/05\/63275\/c\/50x50\/filters:no_upscale()\/filters:strip_exif()\/143-an1_-wg_-02-b.jpg 50w, https:\/\/static.tirolergoldschmied.it\/39543ca551be492a\/2023\/05\/63275\/c\/100x100\/filters:no_upscale()\/filters:strip_exif()\/143-an1_-wg_-02-b.jpg 100w, https:\/\/static.tirolergoldschmied.it\/39543ca551be492a\/2023\/05\/63275\/c\/645x645\/filters:no_upscale()\/filters:strip_exif()\/143-an1_-wg_-02-b.jpg 645w\" sizes=\"auto, (max-width: 645px) 100vw, 645px\" data-copyright=\"\" data-headline=\"Pendente Allegretto\" data-description=\"\" \/><\/picture><h2 class=\"woocommerce-loop-product__title\">Pendente Allegretto<\/h2>    <div class=\"woocommerce-loop-product__description\">\n        750 \/ 18 kt oro giallo, oro bianco lucido, Diamanti 0,15ct D\/VVS1 taglio brillante, lunghezza 3,2cm    <\/div>\n\n\t<span class=\"price\"><span class=\"woocommerce-Price-amount amount\"><bdi>3.740,00&nbsp;<span class=\"woocommerce-Price-currencySymbol\">&euro;<\/span><\/bdi><\/span><\/span>\n<\/a><\/li>\n<\/ul>\n<\/div><\/div>\n<div class=\"products-list api\"><div class=\"woocommerce columns-4 \"><ul class=\"products columns-4\">\n<li class=\"product type-product post-95154 status-publish first instock product_cat-non-categorizzato has-post-thumbnail taxable shipping-taxable purchasable product-type-simple\">\n\t<a href=\"https:\/\/www.tirolergoldschmied.it\/it\/shop\/la-preziosa\/la-preziosa-allegretto-gioielli-da-polso-143-ab5-rw-02-b\/\" class=\"woocommerce-LoopProduct-link woocommerce-loop-product__link\"><div class=\"woocommerce-loop-product__brand-image-container\"><img decoding=\"async\" src=\"https:\/\/static.tirolergoldschmied.it\/39543ca551be492a\/2023\/05\/la_preziosa.svg\" class=\"woocommerce-loop-product__brand-image\" alt=\"\" data-copyright=\"\" data-headline=\"la_preziosa\" data-description=\"\" \/><\/div><picture><source type=\"image\/webp\" srcset=\"https:\/\/static.tirolergoldschmied.it\/39543ca551be492a\/2023\/08\/95158\/c\/filters:format(webp)\/250x250\/filters:no_upscale()\/filters:strip_exif()\/143-ab5_-rw_-02-b.jpg 250w, https:\/\/static.tirolergoldschmied.it\/39543ca551be492a\/2023\/08\/95158\/c\/filters:format(webp)\/500x500\/filters:no_upscale()\/filters:strip_exif()\/143-ab5_-rw_-02-b.jpg 500w, https:\/\/static.tirolergoldschmied.it\/39543ca551be492a\/2023\/08\/95158\/c\/filters:format(webp)\/430x430\/filters:no_upscale()\/filters:strip_exif()\/143-ab5_-rw_-02-b.jpg 430w, https:\/\/static.tirolergoldschmied.it\/39543ca551be492a\/2023\/08\/95158\/c\/filters:format(webp)\/50x50\/filters:no_upscale()\/filters:strip_exif()\/143-ab5_-rw_-02-b.jpg 50w, https:\/\/static.tirolergoldschmied.it\/39543ca551be492a\/2023\/08\/95158\/c\/filters:format(webp)\/100x100\/filters:no_upscale()\/filters:strip_exif()\/143-ab5_-rw_-02-b.jpg 100w, https:\/\/static.tirolergoldschmied.it\/39543ca551be492a\/2023\/08\/95158\/c\/filters:format(webp)\/645x645\/filters:no_upscale()\/filters:strip_exif()\/143-ab5_-rw_-02-b.jpg 645w\"><source srcset=\"https:\/\/static.tirolergoldschmied.it\/39543ca551be492a\/2023\/08\/95158\/c\/250x250\/filters:no_upscale()\/filters:strip_exif()\/143-ab5_-rw_-02-b.jpg 250w, https:\/\/static.tirolergoldschmied.it\/39543ca551be492a\/2023\/08\/95158\/c\/500x500\/filters:no_upscale()\/filters:strip_exif()\/143-ab5_-rw_-02-b.jpg 500w, https:\/\/static.tirolergoldschmied.it\/39543ca551be492a\/2023\/08\/95158\/c\/430x430\/filters:no_upscale()\/filters:strip_exif()\/143-ab5_-rw_-02-b.jpg 430w, https:\/\/static.tirolergoldschmied.it\/39543ca551be492a\/2023\/08\/95158\/c\/50x50\/filters:no_upscale()\/filters:strip_exif()\/143-ab5_-rw_-02-b.jpg 50w, https:\/\/static.tirolergoldschmied.it\/39543ca551be492a\/2023\/08\/95158\/c\/100x100\/filters:no_upscale()\/filters:strip_exif()\/143-ab5_-rw_-02-b.jpg 100w, https:\/\/static.tirolergoldschmied.it\/39543ca551be492a\/2023\/08\/95158\/c\/645x645\/filters:no_upscale()\/filters:strip_exif()\/143-ab5_-rw_-02-b.jpg 645w\"><img loading=\"lazy\" decoding=\"async\" width=\"645\" height=\"645\" src=\"https:\/\/static.tirolergoldschmied.it\/39543ca551be492a\/2023\/08\/95158\/c\/645x645\/filters:no_upscale()\/filters:strip_exif()\/143-ab5_-rw_-02-b.jpg\" class=\"attachment-wf_square size-wf_square\" alt=\"La Preziosa - bracciale Allegretto\" srcset=\"https:\/\/static.tirolergoldschmied.it\/39543ca551be492a\/2023\/08\/95158\/c\/250x250\/filters:no_upscale()\/filters:strip_exif()\/143-ab5_-rw_-02-b.jpg 250w, https:\/\/static.tirolergoldschmied.it\/39543ca551be492a\/2023\/08\/95158\/c\/500x500\/filters:no_upscale()\/filters:strip_exif()\/143-ab5_-rw_-02-b.jpg 500w, https:\/\/static.tirolergoldschmied.it\/39543ca551be492a\/2023\/08\/95158\/c\/430x430\/filters:no_upscale()\/filters:strip_exif()\/143-ab5_-rw_-02-b.jpg 430w, https:\/\/static.tirolergoldschmied.it\/39543ca551be492a\/2023\/08\/95158\/c\/50x50\/filters:no_upscale()\/filters:strip_exif()\/143-ab5_-rw_-02-b.jpg 50w, https:\/\/static.tirolergoldschmied.it\/39543ca551be492a\/2023\/08\/95158\/c\/100x100\/filters:no_upscale()\/filters:strip_exif()\/143-ab5_-rw_-02-b.jpg 100w, https:\/\/static.tirolergoldschmied.it\/39543ca551be492a\/2023\/08\/95158\/c\/645x645\/filters:no_upscale()\/filters:strip_exif()\/143-ab5_-rw_-02-b.jpg 645w\" sizes=\"auto, (max-width: 645px) 100vw, 645px\" data-copyright=\"\" data-headline=\"La Preziosa - bracciale Allegretto\" data-description=\"\" data-custom-url=\"https:\/\/www.tirolergoldschmied.it\/it\/shop\/la-preziosa\/la-preziosa-allegretto-gioielli-da-polso-143-ab5-rw-02-b\/\" data-custom-cta=\"ACQUISTA ORA\" \/><\/picture><h2 class=\"woocommerce-loop-product__title\">Bracciale Allegretto<\/h2>    <div class=\"woocommerce-loop-product__description\">\n        750 \/ 18 kt oro rosa, oro bianco lucido, Diamanti 0,23ct D\/VVS1 taglio brillante, lunghezza 17cm    <\/div>\n\n\t<span class=\"price\"><span class=\"woocommerce-Price-amount amount\"><bdi>2.690,00&nbsp;<span class=\"woocommerce-Price-currencySymbol\">&euro;<\/span><\/bdi><\/span><\/span>\n<\/a><\/li>\n<li class=\"product type-product post-63340 status-publish instock product_cat-gioielli-con-diamanti product_cat-gioielli-in-oro has-post-thumbnail taxable shipping-taxable purchasable product-type-simple\">\n\t<a href=\"https:\/\/www.tirolergoldschmied.it\/it\/shop\/la-preziosa\/la-preziosa-allegretto-orecchini-143-or1-w-02-bs\/\" class=\"woocommerce-LoopProduct-link woocommerce-loop-product__link\"><div class=\"woocommerce-loop-product__brand-image-container\"><img decoding=\"async\" src=\"https:\/\/static.tirolergoldschmied.it\/39543ca551be492a\/2023\/05\/la_preziosa.svg\" class=\"woocommerce-loop-product__brand-image\" alt=\"\" data-copyright=\"\" data-headline=\"la_preziosa\" data-description=\"\" \/><\/div><picture><source type=\"image\/webp\" srcset=\"https:\/\/static.tirolergoldschmied.it\/39543ca551be492a\/2023\/05\/63344\/c\/filters:format(webp)\/250x250\/filters:no_upscale()\/filters:strip_exif()\/143-or1_-w-02-bs_.jpg 250w, https:\/\/static.tirolergoldschmied.it\/39543ca551be492a\/2023\/05\/63344\/c\/filters:format(webp)\/500x500\/filters:no_upscale()\/filters:strip_exif()\/143-or1_-w-02-bs_.jpg 500w, https:\/\/static.tirolergoldschmied.it\/39543ca551be492a\/2023\/05\/63344\/c\/filters:format(webp)\/430x430\/filters:no_upscale()\/filters:strip_exif()\/143-or1_-w-02-bs_.jpg 430w, https:\/\/static.tirolergoldschmied.it\/39543ca551be492a\/2023\/05\/63344\/c\/filters:format(webp)\/50x50\/filters:no_upscale()\/filters:strip_exif()\/143-or1_-w-02-bs_.jpg 50w, https:\/\/static.tirolergoldschmied.it\/39543ca551be492a\/2023\/05\/63344\/c\/filters:format(webp)\/100x100\/filters:no_upscale()\/filters:strip_exif()\/143-or1_-w-02-bs_.jpg 100w, https:\/\/static.tirolergoldschmied.it\/39543ca551be492a\/2023\/05\/63344\/c\/filters:format(webp)\/645x645\/filters:no_upscale()\/filters:strip_exif()\/143-or1_-w-02-bs_.jpg 645w\"><source srcset=\"https:\/\/static.tirolergoldschmied.it\/39543ca551be492a\/2023\/05\/63344\/c\/250x250\/filters:no_upscale()\/filters:strip_exif()\/143-or1_-w-02-bs_.jpg 250w, https:\/\/static.tirolergoldschmied.it\/39543ca551be492a\/2023\/05\/63344\/c\/500x500\/filters:no_upscale()\/filters:strip_exif()\/143-or1_-w-02-bs_.jpg 500w, https:\/\/static.tirolergoldschmied.it\/39543ca551be492a\/2023\/05\/63344\/c\/430x430\/filters:no_upscale()\/filters:strip_exif()\/143-or1_-w-02-bs_.jpg 430w, https:\/\/static.tirolergoldschmied.it\/39543ca551be492a\/2023\/05\/63344\/c\/50x50\/filters:no_upscale()\/filters:strip_exif()\/143-or1_-w-02-bs_.jpg 50w, https:\/\/static.tirolergoldschmied.it\/39543ca551be492a\/2023\/05\/63344\/c\/100x100\/filters:no_upscale()\/filters:strip_exif()\/143-or1_-w-02-bs_.jpg 100w, https:\/\/static.tirolergoldschmied.it\/39543ca551be492a\/2023\/05\/63344\/c\/645x645\/filters:no_upscale()\/filters:strip_exif()\/143-or1_-w-02-bs_.jpg 645w\"><img loading=\"lazy\" decoding=\"async\" width=\"645\" height=\"645\" src=\"https:\/\/static.tirolergoldschmied.it\/39543ca551be492a\/2023\/05\/63344\/c\/645x645\/filters:no_upscale()\/filters:strip_exif()\/143-or1_-w-02-bs_.jpg\" class=\"attachment-wf_square size-wf_square\" alt=\"Orecchini Allegretto\" srcset=\"https:\/\/static.tirolergoldschmied.it\/39543ca551be492a\/2023\/05\/63344\/c\/250x250\/filters:no_upscale()\/filters:strip_exif()\/143-or1_-w-02-bs_.jpg 250w, https:\/\/static.tirolergoldschmied.it\/39543ca551be492a\/2023\/05\/63344\/c\/500x500\/filters:no_upscale()\/filters:strip_exif()\/143-or1_-w-02-bs_.jpg 500w, https:\/\/static.tirolergoldschmied.it\/39543ca551be492a\/2023\/05\/63344\/c\/430x430\/filters:no_upscale()\/filters:strip_exif()\/143-or1_-w-02-bs_.jpg 430w, https:\/\/static.tirolergoldschmied.it\/39543ca551be492a\/2023\/05\/63344\/c\/50x50\/filters:no_upscale()\/filters:strip_exif()\/143-or1_-w-02-bs_.jpg 50w, https:\/\/static.tirolergoldschmied.it\/39543ca551be492a\/2023\/05\/63344\/c\/100x100\/filters:no_upscale()\/filters:strip_exif()\/143-or1_-w-02-bs_.jpg 100w, https:\/\/static.tirolergoldschmied.it\/39543ca551be492a\/2023\/05\/63344\/c\/645x645\/filters:no_upscale()\/filters:strip_exif()\/143-or1_-w-02-bs_.jpg 645w\" sizes=\"auto, (max-width: 645px) 100vw, 645px\" data-copyright=\"\" data-headline=\"Orecchini Allegretto\" data-description=\"\" \/><\/picture><h2 class=\"woocommerce-loop-product__title\">Orecchini Allegretto<\/h2>    <div class=\"woocommerce-loop-product__description\">\n        750 \/ 18 kt oro bianco lucido, Diamanti 0,61ct nero taglio brillante, diametro 2cm    <\/div>\n\n\t<span class=\"price\"><span class=\"woocommerce-Price-amount amount\"><bdi>5.700,00&nbsp;<span class=\"woocommerce-Price-currencySymbol\">&euro;<\/span><\/bdi><\/span><\/span>\n<\/a><\/li>\n<li class=\"product type-product post-94344 status-publish instock product_cat-gioielli-con-diamanti product_cat-gioielli-in-oro has-post-thumbnail taxable shipping-taxable purchasable product-type-simple\">\n\t<a href=\"https:\/\/www.tirolergoldschmied.it\/it\/shop\/la-preziosa\/la-preziosa-allegretto-orecchini-143-or3-wr-02-b\/\" class=\"woocommerce-LoopProduct-link woocommerce-loop-product__link\"><div class=\"woocommerce-loop-product__brand-image-container\"><img decoding=\"async\" src=\"https:\/\/static.tirolergoldschmied.it\/39543ca551be492a\/2023\/05\/la_preziosa.svg\" class=\"woocommerce-loop-product__brand-image\" alt=\"\" data-copyright=\"\" data-headline=\"la_preziosa\" data-description=\"\" \/><\/div><picture><source type=\"image\/webp\" srcset=\"https:\/\/static.tirolergoldschmied.it\/39543ca551be492a\/2024\/01\/104018\/c\/filters:format(webp)\/250x250\/filters:no_upscale()\/filters:strip_exif()\/143-or3_-wr_-02-b.jpg 250w, https:\/\/static.tirolergoldschmied.it\/39543ca551be492a\/2024\/01\/104018\/c\/filters:format(webp)\/500x500\/filters:no_upscale()\/filters:strip_exif()\/143-or3_-wr_-02-b.jpg 500w, https:\/\/static.tirolergoldschmied.it\/39543ca551be492a\/2024\/01\/104018\/c\/filters:format(webp)\/430x430\/filters:no_upscale()\/filters:strip_exif()\/143-or3_-wr_-02-b.jpg 430w, https:\/\/static.tirolergoldschmied.it\/39543ca551be492a\/2024\/01\/104018\/c\/filters:format(webp)\/50x50\/filters:no_upscale()\/filters:strip_exif()\/143-or3_-wr_-02-b.jpg 50w, https:\/\/static.tirolergoldschmied.it\/39543ca551be492a\/2024\/01\/104018\/c\/filters:format(webp)\/100x100\/filters:no_upscale()\/filters:strip_exif()\/143-or3_-wr_-02-b.jpg 100w, https:\/\/static.tirolergoldschmied.it\/39543ca551be492a\/2024\/01\/104018\/c\/filters:format(webp)\/645x645\/filters:no_upscale()\/filters:strip_exif()\/143-or3_-wr_-02-b.jpg 645w\"><source srcset=\"https:\/\/static.tirolergoldschmied.it\/39543ca551be492a\/2024\/01\/104018\/c\/250x250\/filters:no_upscale()\/filters:strip_exif()\/143-or3_-wr_-02-b.jpg 250w, https:\/\/static.tirolergoldschmied.it\/39543ca551be492a\/2024\/01\/104018\/c\/500x500\/filters:no_upscale()\/filters:strip_exif()\/143-or3_-wr_-02-b.jpg 500w, https:\/\/static.tirolergoldschmied.it\/39543ca551be492a\/2024\/01\/104018\/c\/430x430\/filters:no_upscale()\/filters:strip_exif()\/143-or3_-wr_-02-b.jpg 430w, https:\/\/static.tirolergoldschmied.it\/39543ca551be492a\/2024\/01\/104018\/c\/50x50\/filters:no_upscale()\/filters:strip_exif()\/143-or3_-wr_-02-b.jpg 50w, https:\/\/static.tirolergoldschmied.it\/39543ca551be492a\/2024\/01\/104018\/c\/100x100\/filters:no_upscale()\/filters:strip_exif()\/143-or3_-wr_-02-b.jpg 100w, https:\/\/static.tirolergoldschmied.it\/39543ca551be492a\/2024\/01\/104018\/c\/645x645\/filters:no_upscale()\/filters:strip_exif()\/143-or3_-wr_-02-b.jpg 645w\"><img loading=\"lazy\" decoding=\"async\" width=\"645\" height=\"645\" src=\"https:\/\/static.tirolergoldschmied.it\/39543ca551be492a\/2024\/01\/104018\/c\/645x645\/filters:no_upscale()\/filters:strip_exif()\/143-or3_-wr_-02-b.jpg\" class=\"attachment-wf_square size-wf_square\" alt=\"Orecchini Allegretto\" srcset=\"https:\/\/static.tirolergoldschmied.it\/39543ca551be492a\/2024\/01\/104018\/c\/250x250\/filters:no_upscale()\/filters:strip_exif()\/143-or3_-wr_-02-b.jpg 250w, https:\/\/static.tirolergoldschmied.it\/39543ca551be492a\/2024\/01\/104018\/c\/500x500\/filters:no_upscale()\/filters:strip_exif()\/143-or3_-wr_-02-b.jpg 500w, https:\/\/static.tirolergoldschmied.it\/39543ca551be492a\/2024\/01\/104018\/c\/430x430\/filters:no_upscale()\/filters:strip_exif()\/143-or3_-wr_-02-b.jpg 430w, https:\/\/static.tirolergoldschmied.it\/39543ca551be492a\/2024\/01\/104018\/c\/50x50\/filters:no_upscale()\/filters:strip_exif()\/143-or3_-wr_-02-b.jpg 50w, https:\/\/static.tirolergoldschmied.it\/39543ca551be492a\/2024\/01\/104018\/c\/100x100\/filters:no_upscale()\/filters:strip_exif()\/143-or3_-wr_-02-b.jpg 100w, https:\/\/static.tirolergoldschmied.it\/39543ca551be492a\/2024\/01\/104018\/c\/645x645\/filters:no_upscale()\/filters:strip_exif()\/143-or3_-wr_-02-b.jpg 645w\" sizes=\"auto, (max-width: 645px) 100vw, 645px\" data-copyright=\"\" data-headline=\"Orecchini Allegretto\" data-description=\"\" \/><\/picture><h2 class=\"woocommerce-loop-product__title\">Orecchini Allegretto<\/h2>    <div class=\"woocommerce-loop-product__description\">\n        750 \/ 18 kt oro bianco, oro rosa lucido, Diamanti 0,24ct D\/VVS1 taglio brillante, lunghezza 1cm    <\/div>\n\n\t<span class=\"price\"><span class=\"woocommerce-Price-amount amount\"><bdi>3.485,00&nbsp;<span class=\"woocommerce-Price-currencySymbol\">&euro;<\/span><\/bdi><\/span><\/span>\n<\/a><\/li>\n<li class=\"product type-product post-63298 status-publish last instock product_cat-gioielli-con-diamanti product_cat-gioielli-in-oro has-post-thumbnail taxable shipping-taxable purchasable product-type-simple\">\n\t<a href=\"https:\/\/www.tirolergoldschmied.it\/it\/shop\/la-preziosa\/la-preziosa-allegretto-collane-143-an2-w-02-bs\/\" class=\"woocommerce-LoopProduct-link woocommerce-loop-product__link\"><div class=\"woocommerce-loop-product__brand-image-container\"><img decoding=\"async\" src=\"https:\/\/static.tirolergoldschmied.it\/39543ca551be492a\/2023\/05\/la_preziosa.svg\" class=\"woocommerce-loop-product__brand-image\" alt=\"\" data-copyright=\"\" data-headline=\"la_preziosa\" data-description=\"\" \/><\/div><picture><source type=\"image\/webp\" srcset=\"https:\/\/static.tirolergoldschmied.it\/39543ca551be492a\/2023\/05\/63302\/c\/filters:format(webp)\/250x250\/filters:no_upscale()\/filters:strip_exif()\/143-an2_-w-02-bs_.jpg 250w, https:\/\/static.tirolergoldschmied.it\/39543ca551be492a\/2023\/05\/63302\/c\/filters:format(webp)\/500x500\/filters:no_upscale()\/filters:strip_exif()\/143-an2_-w-02-bs_.jpg 500w, https:\/\/static.tirolergoldschmied.it\/39543ca551be492a\/2023\/05\/63302\/c\/filters:format(webp)\/430x430\/filters:no_upscale()\/filters:strip_exif()\/143-an2_-w-02-bs_.jpg 430w, https:\/\/static.tirolergoldschmied.it\/39543ca551be492a\/2023\/05\/63302\/c\/filters:format(webp)\/50x50\/filters:no_upscale()\/filters:strip_exif()\/143-an2_-w-02-bs_.jpg 50w, https:\/\/static.tirolergoldschmied.it\/39543ca551be492a\/2023\/05\/63302\/c\/filters:format(webp)\/100x100\/filters:no_upscale()\/filters:strip_exif()\/143-an2_-w-02-bs_.jpg 100w, https:\/\/static.tirolergoldschmied.it\/39543ca551be492a\/2023\/05\/63302\/c\/filters:format(webp)\/645x645\/filters:no_upscale()\/filters:strip_exif()\/143-an2_-w-02-bs_.jpg 645w\"><source srcset=\"https:\/\/static.tirolergoldschmied.it\/39543ca551be492a\/2023\/05\/63302\/c\/250x250\/filters:no_upscale()\/filters:strip_exif()\/143-an2_-w-02-bs_.jpg 250w, https:\/\/static.tirolergoldschmied.it\/39543ca551be492a\/2023\/05\/63302\/c\/500x500\/filters:no_upscale()\/filters:strip_exif()\/143-an2_-w-02-bs_.jpg 500w, https:\/\/static.tirolergoldschmied.it\/39543ca551be492a\/2023\/05\/63302\/c\/430x430\/filters:no_upscale()\/filters:strip_exif()\/143-an2_-w-02-bs_.jpg 430w, https:\/\/static.tirolergoldschmied.it\/39543ca551be492a\/2023\/05\/63302\/c\/50x50\/filters:no_upscale()\/filters:strip_exif()\/143-an2_-w-02-bs_.jpg 50w, https:\/\/static.tirolergoldschmied.it\/39543ca551be492a\/2023\/05\/63302\/c\/100x100\/filters:no_upscale()\/filters:strip_exif()\/143-an2_-w-02-bs_.jpg 100w, https:\/\/static.tirolergoldschmied.it\/39543ca551be492a\/2023\/05\/63302\/c\/645x645\/filters:no_upscale()\/filters:strip_exif()\/143-an2_-w-02-bs_.jpg 645w\"><img loading=\"lazy\" decoding=\"async\" width=\"645\" height=\"645\" src=\"https:\/\/static.tirolergoldschmied.it\/39543ca551be492a\/2023\/05\/63302\/c\/645x645\/filters:no_upscale()\/filters:strip_exif()\/143-an2_-w-02-bs_.jpg\" class=\"attachment-wf_square size-wf_square\" alt=\"Pendente Allegretto\" srcset=\"https:\/\/static.tirolergoldschmied.it\/39543ca551be492a\/2023\/05\/63302\/c\/250x250\/filters:no_upscale()\/filters:strip_exif()\/143-an2_-w-02-bs_.jpg 250w, https:\/\/static.tirolergoldschmied.it\/39543ca551be492a\/2023\/05\/63302\/c\/500x500\/filters:no_upscale()\/filters:strip_exif()\/143-an2_-w-02-bs_.jpg 500w, https:\/\/static.tirolergoldschmied.it\/39543ca551be492a\/2023\/05\/63302\/c\/430x430\/filters:no_upscale()\/filters:strip_exif()\/143-an2_-w-02-bs_.jpg 430w, https:\/\/static.tirolergoldschmied.it\/39543ca551be492a\/2023\/05\/63302\/c\/50x50\/filters:no_upscale()\/filters:strip_exif()\/143-an2_-w-02-bs_.jpg 50w, https:\/\/static.tirolergoldschmied.it\/39543ca551be492a\/2023\/05\/63302\/c\/100x100\/filters:no_upscale()\/filters:strip_exif()\/143-an2_-w-02-bs_.jpg 100w, https:\/\/static.tirolergoldschmied.it\/39543ca551be492a\/2023\/05\/63302\/c\/645x645\/filters:no_upscale()\/filters:strip_exif()\/143-an2_-w-02-bs_.jpg 645w\" sizes=\"auto, (max-width: 645px) 100vw, 645px\" data-copyright=\"\" data-headline=\"Pendente Allegretto\" data-description=\"\" \/><\/picture><h2 class=\"woocommerce-loop-product__title\">Pendente Allegretto<\/h2>    <div class=\"woocommerce-loop-product__description\">\n        750 \/ 18 kt oro bianco placcato nero lucido, Diamanti 0,29ct nero taglio brillante, diametro 9mm    <\/div>\n\n\t<span class=\"price\"><span class=\"woocommerce-Price-amount amount\"><bdi>2.360,00&nbsp;<span class=\"woocommerce-Price-currencySymbol\">&euro;<\/span><\/bdi><\/span><\/span>\n<\/a><\/li>\n<\/ul>\n<\/div><\/div>\n<p class=\"fs-big\"><strong>Perch\u00e9?<br \/>\n<\/strong>Le forme chiare ma giocose, che esprimono leggerezza, allegria e giovinezza, si adattano &#8211; per me, una delle pi\u00f9 giovani nel team di Tiroler Goldschmied &#8211; semplicemente perfettamente a me. Inoltre, i gioielli sono piacevoli da indossare e facili da abbinare. Il must-have perfetto con quel tocco di WOW per me!<\/p>\n<p class=\"fs-big\"><strong>Qual \u00e8 il ricordo pi\u00f9 bello o particolare del tuo lavoro con Tiroler Goldschmied?<br \/>\n<\/strong>Non dimenticher\u00f2 mai quella telefonata speciale con una signora che chiamava piangendo dalla gioia. Lei e suo marito erano stati da me qualche giorno prima e lui le aveva comprato una bellissima collana. Lei ancora non riusciva a credere alla sua fortuna e voleva solo ringraziare di nuovo.<\/p>\n<p class=\"fs-big\"><strong>Quali sono i tuoi hobby?<br \/>\n<\/strong>Il mio cuore batte per le montagne dell&#8217;Alto Adige! Passo i miei weekend preferibilmente facendo escursioni e scalate, o d&#8217;inverno sugli sci. Inoltre, suono nella banda musicale di Dorf Tirol e sono volontaria come soccorritrice sanitaria nella Croce Bianca. Quindi, con me non ci si annoia mai.<\/p>\n<p>&nbsp;<\/p>\n<p class=\"fs-big\">&#8220;Cara Lisa, \u00e8 un vero piacere lavorare con te. Siamo molto orgogliosi di averti nel nostro team!&#8221;, si entusiasma Maria Gamper.<\/p>\n<div class=\"berocket_ww_container\">\r\n    <div class=\"berocket_ww_empty\">\r\n        <p>Il Dreambox \u00e8 vuoto.<\/p>\r\n    <\/div>\r\n<\/div>\r\n<script>\r\njQuery('.berocket_ww_container').each( function( i, o ) {\r\n    if ( jQuery(o).height() + 20 < jQuery(o).find('.berocket_ww_ul_container').height() && jQuery(o).find('.berocket_ww_show_all').length ) {\r\n        jQuery(o).find('.berocket_ww_show_all').show();\r\n    } else if( ! jQuery(o).find('.berocket_ww_show_all').length ) {\r\n        var $scroll_block = jQuery(o).find('.berocket_ww_list');\r\n        $scroll_block.css( {maxHeight: 'initial'} );\r\n    }\r\n});\r\n<\/script>\r\n","protected":false},"excerpt":{"rendered":"<p>Ogni mese presentiamo uno dei membri del team di Tiroler Goldschmied. Lisa Kaufmann \u00e8 la pi\u00f9 giovane componente del team &#8230;<\/p>\n","protected":false},"author":8,"featured_media":110927,"comment_status":"closed","ping_status":"closed","sticky":false,"template":"","format":"standard","meta":{"_acf_changed":false,"footnotes":""},"categories":[6],"tags":[],"class_list":["post-110837","post","type-post","status-publish","format-standard","has-post-thumbnail","hentry","category-non-categorizzato"],"acf":[],"yoast_head":"<!-- This site is optimized with the Yoast SEO plugin v27.4 - https:\/\/yoast.com\/product\/yoast-seo-wordpress\/ -->\n<title>Lisa Kaufmann, il nostro membro pi\u00f9 giovane del team - Tiroler Goldschmied<\/title>\n<meta name=\"description\" content=\"Lisa Kaufmann \u00e8 il membro pi\u00f9 giovane del nostro team. Dall&#039;estate 2023 fa parte del team di vendita della nostra filiale di Tirolo.\" \/>\n<meta name=\"robots\" content=\"index, follow, max-snippet:-1, max-image-preview:large, max-video-preview:-1\" \/>\n<link rel=\"canonical\" href=\"https:\/\/www.tirolergoldschmied.it\/it\/lisa-kaufmann\/\" \/>\n<meta property=\"og:locale\" content=\"it_IT\" \/>\n<meta property=\"og:type\" content=\"article\" \/>\n<meta property=\"og:title\" content=\"Lisa Kaufmann, il nostro membro pi\u00f9 giovane del team - Tiroler Goldschmied\" \/>\n<meta property=\"og:description\" content=\"Lisa Kaufmann \u00e8 il membro pi\u00f9 giovane del nostro team. Dall&#039;estate 2023 fa parte del team di vendita della nostra filiale di Tirolo.\" \/>\n<meta property=\"og:url\" content=\"https:\/\/www.tirolergoldschmied.it\/it\/lisa-kaufmann\/\" \/>\n<meta property=\"og:site_name\" content=\"Tiroler Goldschmied\" \/>\n<meta property=\"article:published_time\" content=\"2024-04-18T08:44:17+00:00\" \/>\n<meta property=\"article:modified_time\" content=\"2024-04-18T08:53:15+00:00\" \/>\n<meta property=\"og:image\" content=\"https:\/\/static.tirolergoldschmied.it\/39543ca551be492a\/2023\/05\/94082\/c\/fit-in\/0x0\/filters:no_upscale()\/filters:strip_exif()\/lisa-web.jpg\" \/>\n\t<meta property=\"og:image:width\" content=\"640\" \/>\n\t<meta property=\"og:image:height\" content=\"480\" \/>\n\t<meta property=\"og:image:type\" content=\"image\/jpeg\" \/>\n<meta name=\"author\" content=\"Veronika Drahorad\" \/>\n<meta name=\"twitter:card\" content=\"summary_large_image\" \/>\n<meta name=\"twitter:label1\" content=\"Written by\" \/>\n\t<meta name=\"twitter:data1\" content=\"Veronika Drahorad\" \/>\n\t<meta name=\"twitter:label2\" content=\"Est. reading time\" \/>\n\t<meta name=\"twitter:data2\" content=\"3 minuti\" \/>\n<script type=\"application\/ld+json\" class=\"yoast-schema-graph\">{\"@context\":\"https:\\\/\\\/schema.org\",\"@graph\":[{\"@type\":\"Article\",\"@id\":\"https:\\\/\\\/www.tirolergoldschmied.it\\\/it\\\/lisa-kaufmann\\\/#article\",\"isPartOf\":{\"@id\":\"https:\\\/\\\/www.tirolergoldschmied.it\\\/it\\\/lisa-kaufmann\\\/\"},\"author\":{\"name\":\"Veronika Drahorad\",\"@id\":\"https:\\\/\\\/www.tirolergoldschmied.it\\\/it\\\/#\\\/schema\\\/person\\\/abfba0d81f5a9d2defb0e731e848a57a\"},\"headline\":\"Lisa Kaufmann, il nostro membro pi\u00f9 giovane del team\",\"datePublished\":\"2024-04-18T08:44:17+00:00\",\"dateModified\":\"2024-04-18T08:53:15+00:00\",\"mainEntityOfPage\":{\"@id\":\"https:\\\/\\\/www.tirolergoldschmied.it\\\/it\\\/lisa-kaufmann\\\/\"},\"wordCount\":437,\"image\":{\"@id\":\"https:\\\/\\\/www.tirolergoldschmied.it\\\/it\\\/lisa-kaufmann\\\/#primaryimage\"},\"thumbnailUrl\":\"https:\\\/\\\/static.tirolergoldschmied.it\\\/39543ca551be492a\\\/2024\\\/04\\\/110927\\\/c\\\/fit-in\\\/0x0\\\/filters:no_upscale()\\\/filters:strip_exif()\\\/web-lisa-114a8010.jpg\",\"articleSection\":[\"Non categorizzato\"],\"inLanguage\":\"it-IT\"},{\"@type\":\"WebPage\",\"@id\":\"https:\\\/\\\/www.tirolergoldschmied.it\\\/it\\\/lisa-kaufmann\\\/\",\"url\":\"https:\\\/\\\/www.tirolergoldschmied.it\\\/it\\\/lisa-kaufmann\\\/\",\"name\":\"Lisa Kaufmann, il nostro membro pi\u00f9 giovane del team - Tiroler Goldschmied\",\"isPartOf\":{\"@id\":\"https:\\\/\\\/www.tirolergoldschmied.it\\\/it\\\/#website\"},\"primaryImageOfPage\":{\"@id\":\"https:\\\/\\\/www.tirolergoldschmied.it\\\/it\\\/lisa-kaufmann\\\/#primaryimage\"},\"image\":{\"@id\":\"https:\\\/\\\/www.tirolergoldschmied.it\\\/it\\\/lisa-kaufmann\\\/#primaryimage\"},\"thumbnailUrl\":\"https:\\\/\\\/static.tirolergoldschmied.it\\\/39543ca551be492a\\\/2024\\\/04\\\/110927\\\/c\\\/fit-in\\\/0x0\\\/filters:no_upscale()\\\/filters:strip_exif()\\\/web-lisa-114a8010.jpg\",\"datePublished\":\"2024-04-18T08:44:17+00:00\",\"dateModified\":\"2024-04-18T08:53:15+00:00\",\"author\":{\"@id\":\"https:\\\/\\\/www.tirolergoldschmied.it\\\/it\\\/#\\\/schema\\\/person\\\/abfba0d81f5a9d2defb0e731e848a57a\"},\"description\":\"Lisa Kaufmann \u00e8 il membro pi\u00f9 giovane del nostro team. Dall'estate 2023 fa parte del team di vendita della nostra filiale di Tirolo.\",\"breadcrumb\":{\"@id\":\"https:\\\/\\\/www.tirolergoldschmied.it\\\/it\\\/lisa-kaufmann\\\/#breadcrumb\"},\"inLanguage\":\"it-IT\",\"potentialAction\":[{\"@type\":\"ReadAction\",\"target\":[\"https:\\\/\\\/www.tirolergoldschmied.it\\\/it\\\/lisa-kaufmann\\\/\"]}]},{\"@type\":\"ImageObject\",\"inLanguage\":\"it-IT\",\"@id\":\"https:\\\/\\\/www.tirolergoldschmied.it\\\/it\\\/lisa-kaufmann\\\/#primaryimage\",\"url\":\"https:\\\/\\\/static.tirolergoldschmied.it\\\/39543ca551be492a\\\/2024\\\/04\\\/110927\\\/c\\\/fit-in\\\/0x0\\\/filters:no_upscale()\\\/filters:strip_exif()\\\/web-lisa-114a8010.jpg\",\"contentUrl\":\"https:\\\/\\\/static.tirolergoldschmied.it\\\/39543ca551be492a\\\/2024\\\/04\\\/110927\\\/c\\\/fit-in\\\/0x0\\\/filters:no_upscale()\\\/filters:strip_exif()\\\/web-lisa-114a8010.jpg\",\"width\":680,\"height\":510,\"caption\":\"Lisa Kaufmann\"},{\"@type\":\"BreadcrumbList\",\"@id\":\"https:\\\/\\\/www.tirolergoldschmied.it\\\/it\\\/lisa-kaufmann\\\/#breadcrumb\",\"itemListElement\":[{\"@type\":\"ListItem\",\"position\":1,\"name\":\"Startseite\",\"item\":\"https:\\\/\\\/www.tirolergoldschmied.it\\\/it\\\/\"},{\"@type\":\"ListItem\",\"position\":2,\"name\":\"Lisa Kaufmann, il nostro membro pi\u00f9 giovane del team\"}]},{\"@type\":\"WebSite\",\"@id\":\"https:\\\/\\\/www.tirolergoldschmied.it\\\/it\\\/#website\",\"url\":\"https:\\\/\\\/www.tirolergoldschmied.it\\\/it\\\/\",\"name\":\"Tiroler Goldschmied\",\"description\":\"\",\"potentialAction\":[{\"@type\":\"SearchAction\",\"target\":{\"@type\":\"EntryPoint\",\"urlTemplate\":\"https:\\\/\\\/www.tirolergoldschmied.it\\\/it\\\/?s={search_term_string}\"},\"query-input\":{\"@type\":\"PropertyValueSpecification\",\"valueRequired\":true,\"valueName\":\"search_term_string\"}}],\"inLanguage\":\"it-IT\"},{\"@type\":\"Person\",\"@id\":\"https:\\\/\\\/www.tirolergoldschmied.it\\\/it\\\/#\\\/schema\\\/person\\\/abfba0d81f5a9d2defb0e731e848a57a\",\"name\":\"Veronika Drahorad\",\"image\":{\"@type\":\"ImageObject\",\"inLanguage\":\"it-IT\",\"@id\":\"https:\\\/\\\/secure.gravatar.com\\\/avatar\\\/35c453de4a8f1bfef33d54e511dbaddc738188022ba48dc94243638f6ceb1b86?s=96&d=blank&r=g\",\"url\":\"https:\\\/\\\/secure.gravatar.com\\\/avatar\\\/35c453de4a8f1bfef33d54e511dbaddc738188022ba48dc94243638f6ceb1b86?s=96&d=blank&r=g\",\"contentUrl\":\"https:\\\/\\\/secure.gravatar.com\\\/avatar\\\/35c453de4a8f1bfef33d54e511dbaddc738188022ba48dc94243638f6ceb1b86?s=96&d=blank&r=g\",\"caption\":\"Veronika Drahorad\"},\"url\":\"https:\\\/\\\/www.tirolergoldschmied.it\"}]}<\/script>\n<!-- \/ Yoast SEO plugin. -->","yoast_head_json":{"title":"Lisa Kaufmann, il nostro membro pi\u00f9 giovane del team - Tiroler Goldschmied","description":"Lisa Kaufmann \u00e8 il membro pi\u00f9 giovane del nostro team. Dall'estate 2023 fa parte del team di vendita della nostra filiale di Tirolo.","robots":{"index":"index","follow":"follow","max-snippet":"max-snippet:-1","max-image-preview":"max-image-preview:large","max-video-preview":"max-video-preview:-1"},"canonical":"https:\/\/www.tirolergoldschmied.it\/it\/lisa-kaufmann\/","og_locale":"it_IT","og_type":"article","og_title":"Lisa Kaufmann, il nostro membro pi\u00f9 giovane del team - Tiroler Goldschmied","og_description":"Lisa Kaufmann \u00e8 il membro pi\u00f9 giovane del nostro team. Dall'estate 2023 fa parte del team di vendita della nostra filiale di Tirolo.","og_url":"https:\/\/www.tirolergoldschmied.it\/it\/lisa-kaufmann\/","og_site_name":"Tiroler Goldschmied","article_published_time":"2024-04-18T08:44:17+00:00","article_modified_time":"2024-04-18T08:53:15+00:00","og_image":[{"width":640,"height":480,"url":"https:\/\/static.tirolergoldschmied.it\/39543ca551be492a\/2023\/05\/94082\/c\/fit-in\/0x0\/filters:no_upscale()\/filters:strip_exif()\/lisa-web.jpg","type":"image\/jpeg"}],"author":"Veronika Drahorad","twitter_card":"summary_large_image","twitter_misc":{"Written by":"Veronika Drahorad","Est. reading time":"3 minuti"},"schema":{"@context":"https:\/\/schema.org","@graph":[{"@type":"Article","@id":"https:\/\/www.tirolergoldschmied.it\/it\/lisa-kaufmann\/#article","isPartOf":{"@id":"https:\/\/www.tirolergoldschmied.it\/it\/lisa-kaufmann\/"},"author":{"name":"Veronika Drahorad","@id":"https:\/\/www.tirolergoldschmied.it\/it\/#\/schema\/person\/abfba0d81f5a9d2defb0e731e848a57a"},"headline":"Lisa Kaufmann, il nostro membro pi\u00f9 giovane del team","datePublished":"2024-04-18T08:44:17+00:00","dateModified":"2024-04-18T08:53:15+00:00","mainEntityOfPage":{"@id":"https:\/\/www.tirolergoldschmied.it\/it\/lisa-kaufmann\/"},"wordCount":437,"image":{"@id":"https:\/\/www.tirolergoldschmied.it\/it\/lisa-kaufmann\/#primaryimage"},"thumbnailUrl":"https:\/\/static.tirolergoldschmied.it\/39543ca551be492a\/2024\/04\/110927\/c\/fit-in\/0x0\/filters:no_upscale()\/filters:strip_exif()\/web-lisa-114a8010.jpg","articleSection":["Non categorizzato"],"inLanguage":"it-IT"},{"@type":"WebPage","@id":"https:\/\/www.tirolergoldschmied.it\/it\/lisa-kaufmann\/","url":"https:\/\/www.tirolergoldschmied.it\/it\/lisa-kaufmann\/","name":"Lisa Kaufmann, il nostro membro pi\u00f9 giovane del team - Tiroler Goldschmied","isPartOf":{"@id":"https:\/\/www.tirolergoldschmied.it\/it\/#website"},"primaryImageOfPage":{"@id":"https:\/\/www.tirolergoldschmied.it\/it\/lisa-kaufmann\/#primaryimage"},"image":{"@id":"https:\/\/www.tirolergoldschmied.it\/it\/lisa-kaufmann\/#primaryimage"},"thumbnailUrl":"https:\/\/static.tirolergoldschmied.it\/39543ca551be492a\/2024\/04\/110927\/c\/fit-in\/0x0\/filters:no_upscale()\/filters:strip_exif()\/web-lisa-114a8010.jpg","datePublished":"2024-04-18T08:44:17+00:00","dateModified":"2024-04-18T08:53:15+00:00","author":{"@id":"https:\/\/www.tirolergoldschmied.it\/it\/#\/schema\/person\/abfba0d81f5a9d2defb0e731e848a57a"},"description":"Lisa Kaufmann \u00e8 il membro pi\u00f9 giovane del nostro team. Dall'estate 2023 fa parte del team di vendita della nostra filiale di Tirolo.","breadcrumb":{"@id":"https:\/\/www.tirolergoldschmied.it\/it\/lisa-kaufmann\/#breadcrumb"},"inLanguage":"it-IT","potentialAction":[{"@type":"ReadAction","target":["https:\/\/www.tirolergoldschmied.it\/it\/lisa-kaufmann\/"]}]},{"@type":"ImageObject","inLanguage":"it-IT","@id":"https:\/\/www.tirolergoldschmied.it\/it\/lisa-kaufmann\/#primaryimage","url":"https:\/\/static.tirolergoldschmied.it\/39543ca551be492a\/2024\/04\/110927\/c\/fit-in\/0x0\/filters:no_upscale()\/filters:strip_exif()\/web-lisa-114a8010.jpg","contentUrl":"https:\/\/static.tirolergoldschmied.it\/39543ca551be492a\/2024\/04\/110927\/c\/fit-in\/0x0\/filters:no_upscale()\/filters:strip_exif()\/web-lisa-114a8010.jpg","width":680,"height":510,"caption":"Lisa Kaufmann"},{"@type":"BreadcrumbList","@id":"https:\/\/www.tirolergoldschmied.it\/it\/lisa-kaufmann\/#breadcrumb","itemListElement":[{"@type":"ListItem","position":1,"name":"Startseite","item":"https:\/\/www.tirolergoldschmied.it\/it\/"},{"@type":"ListItem","position":2,"name":"Lisa Kaufmann, il nostro membro pi\u00f9 giovane del team"}]},{"@type":"WebSite","@id":"https:\/\/www.tirolergoldschmied.it\/it\/#website","url":"https:\/\/www.tirolergoldschmied.it\/it\/","name":"Tiroler Goldschmied","description":"","potentialAction":[{"@type":"SearchAction","target":{"@type":"EntryPoint","urlTemplate":"https:\/\/www.tirolergoldschmied.it\/it\/?s={search_term_string}"},"query-input":{"@type":"PropertyValueSpecification","valueRequired":true,"valueName":"search_term_string"}}],"inLanguage":"it-IT"},{"@type":"Person","@id":"https:\/\/www.tirolergoldschmied.it\/it\/#\/schema\/person\/abfba0d81f5a9d2defb0e731e848a57a","name":"Veronika Drahorad","image":{"@type":"ImageObject","inLanguage":"it-IT","@id":"https:\/\/secure.gravatar.com\/avatar\/35c453de4a8f1bfef33d54e511dbaddc738188022ba48dc94243638f6ceb1b86?s=96&d=blank&r=g","url":"https:\/\/secure.gravatar.com\/avatar\/35c453de4a8f1bfef33d54e511dbaddc738188022ba48dc94243638f6ceb1b86?s=96&d=blank&r=g","contentUrl":"https:\/\/secure.gravatar.com\/avatar\/35c453de4a8f1bfef33d54e511dbaddc738188022ba48dc94243638f6ceb1b86?s=96&d=blank&r=g","caption":"Veronika Drahorad"},"url":"https:\/\/www.tirolergoldschmied.it"}]}},"_links":{"self":[{"href":"https:\/\/www.tirolergoldschmied.it\/it\/wp-json\/wp\/v2\/posts\/110837","targetHints":{"allow":["GET"]}}],"collection":[{"href":"https:\/\/www.tirolergoldschmied.it\/it\/wp-json\/wp\/v2\/posts"}],"about":[{"href":"https:\/\/www.tirolergoldschmied.it\/it\/wp-json\/wp\/v2\/types\/post"}],"author":[{"embeddable":true,"href":"https:\/\/www.tirolergoldschmied.it\/it\/wp-json\/wp\/v2\/users\/8"}],"replies":[{"embeddable":true,"href":"https:\/\/www.tirolergoldschmied.it\/it\/wp-json\/wp\/v2\/comments?post=110837"}],"version-history":[{"count":2,"href":"https:\/\/www.tirolergoldschmied.it\/it\/wp-json\/wp\/v2\/posts\/110837\/revisions"}],"predecessor-version":[{"id":110844,"href":"https:\/\/www.tirolergoldschmied.it\/it\/wp-json\/wp\/v2\/posts\/110837\/revisions\/110844"}],"wp:featuredmedia":[{"embeddable":true,"href":"https:\/\/www.tirolergoldschmied.it\/it\/wp-json\/wp\/v2\/media\/110927"}],"wp:attachment":[{"href":"https:\/\/www.tirolergoldschmied.it\/it\/wp-json\/wp\/v2\/media?parent=110837"}],"wp:term":[{"taxonomy":"category","embeddable":true,"href":"https:\/\/www.tirolergoldschmied.it\/it\/wp-json\/wp\/v2\/categories?post=110837"},{"taxonomy":"post_tag","embeddable":true,"href":"https:\/\/www.tirolergoldschmied.it\/it\/wp-json\/wp\/v2\/tags?post=110837"}],"curies":[{"name":"wp","href":"https:\/\/api.w.org\/{rel}","templated":true}]}}